{"id":2067,"date":"2015-02-07T17:55:57","date_gmt":"2015-02-07T16:55:57","guid":{"rendered":"https:\/\/developmentsites.net\/endecocide\/?p=2067"},"modified":"2015-02-07T17:55:57","modified_gmt":"2015-02-07T16:55:57","slug":"ecocide-air","status":"publish","type":"post","link":"https:\/\/www.endecocide.org\/de\/2015\/02\/07\/ecocide-air\/","title":{"rendered":"Ecocide &#8222;On Air&#8220;"},"content":{"rendered":"<p class=\"qtranxs-available-languages-message qtranxs-available-languages-message-de\">Leider ist der Eintrag nur auf <a href=\"https:\/\/www.endecocide.org\/en\/wp-json\/wp\/v2\/posts\/2067\" class=\"qtranxs-available-language-link qtranxs-available-language-link-en\" title=\"English\">English<\/a> und <a href=\"https:\/\/www.endecocide.org\/fr\/wp-json\/wp\/v2\/posts\/2067\" class=\"qtranxs-available-language-link qtranxs-available-language-link-fr\" title=\"Fran\u00e7ais\">Fran\u00e7ais<\/a> verf\u00fcgbar.<\/p><p><a href=\"https:\/\/developmentsites.net\/endecocide\/wp-content\/uploads\/2015\/02\/lapremiere.png\"><img loading=\"lazy\" decoding=\"async\" class=\"alignnone size-full wp-image-2070\" src=\"https:\/\/developmentsites.net\/endecocide\/wp-content\/uploads\/2015\/02\/lapremiere.png\" alt=\"lapremiere\" width=\"200\" height=\"80\" \/><\/a>PODCAST &#8211; Vous \u00e9coutez:<br \/>\nDestination Ailleurs 07\/02\/2015 &#8211; Emission consacr\u00e9e \u00e0 l&#8217;Ecocide<\/p>\n<p>Interview de Val\u00e9rie Cabanes et Gilles-Eric Seralini \u00e0 propos de End Ecocide on Earth qui poursuit l\u2019objectif de faire reconnaitre au niveau international la notion d\u2019\u00e9cocide parmi les crimes contre l\u2019humanit\u00e9. Un vaste objectif. Pr\u00e9sentation : Corinne BOULANGIER<\/p>\n<audio class=\"wp-audio-shortcode\" id=\"audio-2067-1\" preload=\"none\" style=\"width: 100%;\" controls=\"controls\"><source type=\"audio\/mpeg\" src=\"https:\/\/developmentsites.net\/endecocide\/wp-content\/uploads\/2015\/02\/lp-ailleurs_destination_ailleurs_072f022f2015_-_20596683.mp3?_=1\" \/><a href=\"https:\/\/developmentsites.net\/endecocide\/wp-content\/uploads\/2015\/02\/lp-ailleurs_destination_ailleurs_072f022f2015_-_20596683.mp3\">https:\/\/developmentsites.net\/endecocide\/wp-content\/uploads\/2015\/02\/lp-ailleurs_destination_ailleurs_072f022f2015_-_20596683.mp3<\/a><\/audio>\n<p>&nbsp;<\/p>\n<p>&nbsp;<\/p>","protected":false},"excerpt":{"rendered":"<p>Leider ist der Eintrag nur auf English und Fran\u00e7ais verf\u00fcgbar.PODCAST &#8211; Vous \u00e9coutez: Destination Ailleurs 07\/02\/2015 &#8211; Emission consacr\u00e9e \u00e0 l&#8217;Ecocide Interview de Val\u00e9rie Cabanes et Gilles-Eric Seralini \u00e0 propos de End Ecocide on Earth qui poursuit l\u2019objectif de faire reconnaitre au niveau international la notion d\u2019\u00e9cocide parmi les crimes [&hellip;]<\/p>\n","protected":false},"author":1,"featured_media":0,"comment_status":"open","ping_status":"open","sticky":false,"template":"","format":"standard","meta":{"footnotes":""},"categories":[5],"tags":[],"class_list":["post-2067","post","type-post","status-publish","format-standard","hentry","category-blog"],"_links":{"self":[{"href":"https:\/\/www.endecocide.org\/de\/wp-json\/wp\/v2\/posts\/2067","targetHints":{"allow":["GET"]}}],"collection":[{"href":"https:\/\/www.endecocide.org\/de\/wp-json\/wp\/v2\/posts"}],"about":[{"href":"https:\/\/www.endecocide.org\/de\/wp-json\/wp\/v2\/types\/post"}],"author":[{"embeddable":true,"href":"https:\/\/www.endecocide.org\/de\/wp-json\/wp\/v2\/users\/1"}],"replies":[{"embeddable":true,"href":"https:\/\/www.endecocide.org\/de\/wp-json\/wp\/v2\/comments?post=2067"}],"version-history":[{"count":0,"href":"https:\/\/www.endecocide.org\/de\/wp-json\/wp\/v2\/posts\/2067\/revisions"}],"wp:attachment":[{"href":"https:\/\/www.endecocide.org\/de\/wp-json\/wp\/v2\/media?parent=2067"}],"wp:term":[{"taxonomy":"category","embeddable":true,"href":"https:\/\/www.endecocide.org\/de\/wp-json\/wp\/v2\/categories?post=2067"},{"taxonomy":"post_tag","embeddable":true,"href":"https:\/\/www.endecocide.org\/de\/wp-json\/wp\/v2\/tags?post=2067"}],"curies":[{"name":"wp","href":"https:\/\/api.w.org\/{rel}","templated":true}]}}