{"id":1312,"date":"2013-02-19T10:24:01","date_gmt":"2013-02-19T10:24:01","guid":{"rendered":"http:\/\/www.endecocide.eu\/?p=1312"},"modified":"2016-11-23T20:13:56","modified_gmt":"2016-11-23T20:13:56","slug":"francais-dirigeants-dentreprises-et-chefs-de-gouvernement-bientot-juges-en-cas-de-crimes-contre-lenvironnement","status":"publish","type":"post","link":"https:\/\/www.endecocide.org\/fr\/2013\/02\/19\/francais-dirigeants-dentreprises-et-chefs-de-gouvernement-bientot-juges-en-cas-de-crimes-contre-lenvironnement\/","title":{"rendered":"Dirigeants d\u2019entreprises et chefs de gouvernement bient\u00f4t jug\u00e9s en cas de crimes contre l\u2019environnement ?"},"content":{"rendered":"<p><a href=\"http:\/\/www.endecocide.eu\/wp-content\/uploads\/2013\/02\/arton2935-7fdb8.jpg\"><img loading=\"lazy\" decoding=\"async\" class=\"alignleft size-medium wp-image-1313\" title=\"arton2935-7fdb8\" src=\"http:\/\/www.endecocide.eu\/wp-content\/uploads\/2013\/02\/arton2935-7fdb8-300x199.jpg\" alt=\"\" width=\"300\" height=\"199\" \/><\/a><strong>Dirigeants d\u2019entreprises et chefs de gouvernement bient\u00f4t jug\u00e9s en cas de crimes contre l\u2019environnement ?\u00a0<\/strong><\/p>\n<p>Par Sophie Chapelle (19 f\u00e9vrier 2013)<\/p>\n<p>\u00ab\u00a0Imaginez des ministres, des PDG d\u2019entreprises ou de banques, poursuivis p\u00e9nalement pour crimes contre l\u2019environnement.<\/p>\n<p>C\u2019est l\u2019objet d\u2019une initiative citoyenne europ\u00e9enne lanc\u00e9e fin janvier, qui doit recueillir un million de signatures pour pouvoir \u00eatre \u00e9tudi\u00e9e par la Commission europ\u00e9enne.<\/p>\n<p>Si cette directive \u00ab Ecocide \u00bb aboutit, elle pourrait influencer fortement les d\u00e9cisions strat\u00e9giques des dirigeants politiques et \u00e9conomiques.<\/p>\n<p>Et impulser une v\u00e9ritable transition \u00e9nerg\u00e9tique.\u00a0\u00bb<\/p>\n<p>Lire la suite sur <a href=\"http:\/\/www.bastamag.net\/article2935.html\">Basta mag.net<\/a><\/p>","protected":false},"excerpt":{"rendered":"<p>Dirigeants d\u2019entreprises et chefs de gouvernement bient\u00f4t jug\u00e9s en cas de crimes contre l\u2019environnement ?\u00a0 Par Sophie Chapelle (19 f\u00e9vrier 2013) \u00ab\u00a0Imaginez des ministres, des PDG d\u2019entreprises ou de banques, poursuivis p\u00e9nalement pour crimes contre l\u2019environnement. C\u2019est l\u2019objet d\u2019une initiative citoyenne europ\u00e9enne lanc\u00e9e fin janvier, qui doit recueillir un million [&hellip;]<\/p>\n","protected":false},"author":1,"featured_media":4953,"comment_status":"open","ping_status":"open","sticky":false,"template":"","format":"standard","meta":{"footnotes":""},"categories":[5,85],"tags":[],"class_list":["post-1312","post","type-post","status-publish","format-standard","has-post-thumbnail","hentry","category-blog","category-francais"],"_links":{"self":[{"href":"https:\/\/www.endecocide.org\/fr\/wp-json\/wp\/v2\/posts\/1312","targetHints":{"allow":["GET"]}}],"collection":[{"href":"https:\/\/www.endecocide.org\/fr\/wp-json\/wp\/v2\/posts"}],"about":[{"href":"https:\/\/www.endecocide.org\/fr\/wp-json\/wp\/v2\/types\/post"}],"author":[{"embeddable":true,"href":"https:\/\/www.endecocide.org\/fr\/wp-json\/wp\/v2\/users\/1"}],"replies":[{"embeddable":true,"href":"https:\/\/www.endecocide.org\/fr\/wp-json\/wp\/v2\/comments?post=1312"}],"version-history":[{"count":1,"href":"https:\/\/www.endecocide.org\/fr\/wp-json\/wp\/v2\/posts\/1312\/revisions"}],"predecessor-version":[{"id":4954,"href":"https:\/\/www.endecocide.org\/fr\/wp-json\/wp\/v2\/posts\/1312\/revisions\/4954"}],"wp:featuredmedia":[{"embeddable":true,"href":"https:\/\/www.endecocide.org\/fr\/wp-json\/wp\/v2\/media\/4953"}],"wp:attachment":[{"href":"https:\/\/www.endecocide.org\/fr\/wp-json\/wp\/v2\/media?parent=1312"}],"wp:term":[{"taxonomy":"category","embeddable":true,"href":"https:\/\/www.endecocide.org\/fr\/wp-json\/wp\/v2\/categories?post=1312"},{"taxonomy":"post_tag","embeddable":true,"href":"https:\/\/www.endecocide.org\/fr\/wp-json\/wp\/v2\/tags?post=1312"}],"curies":[{"name":"wp","href":"https:\/\/api.w.org\/{rel}","templated":true}]}}